{"id":3816,"date":"2020-09-21T22:02:31","date_gmt":"2020-09-22T02:02:31","guid":{"rendered":"https:\/\/www.conferencecannabis.ca\/?p=3816"},"modified":"2020-09-21T22:04:42","modified_gmt":"2020-09-22T02:04:42","slug":"the-speakers-for-the-second-edition-of-the-canadian-conference-on-cannabis-are-now-made-public","status":"publish","type":"post","link":"https:\/\/www.conferencecannabis.ca\/en\/the-speakers-for-the-second-edition-of-the-canadian-conference-on-cannabis-are-now-made-public\/","title":{"rendered":"The speakers for the second edition of the Canadian Conference on Cannabis are now made public"},"content":{"rendered":"<p>Building on the success of the first presentation of the Canadian Conference on Cannabis held last October in Quebec City, the organizers are moving forward with a second edition that will take place on October 7 in the formula of a webinar, result of the ongoing pandemic.<\/p>\n<p>The virtual formula will be adapted in both French and English to promote knowledge sharing and provide maximum user-friendliness for listeners. Participants will have an extended time slot to watch the lectures giving them more freedom in choosing the ideal moment.<\/p>\n<p>Sponsored by a Quebec-based company, PurCann Pharma, the event will bring together an impressive list of experts who will share their latest advances and new uses arising from scientific research on cannabis. Issues surrounding the cannabis market and production will also be addressed.<\/p>\n<p>Participants will be treated to an analysis of the evolution of research on the effects of cannabis on human health, an overview of medical practices that integrate cannabis, as well as a presentation on the potential of edible products.<\/p>\n<p>Renowned speakers will follow one another and attendees will hear from the experts who are shaping the cannabis industry. The complete program of the event, as well as the registration form for this day of discussions, can be found at <a href=\"http:\/\/www.conferencecannabis.ca\">www.conferencecannabis.ca<\/a>.<\/p>\n<p>PurCann Pharma is positioning itself to become a leader in the extraction and purification of molecules from hemp and cannabis. The company believes that recreational use of cannabis will be supplanted in the very short future by medical cannabis products.<\/p>\n<p>This is why the company is focusing its efforts on various cannabinoids such as THC and CBD, but also on those with beneficial effects on stress, anxiety, pain, insomnia and certain skin conditions. PurCann Pharma&#8217;s objective is to obtain pure, high-quality extracts free from pesticides and other unwanted molecules. It is with this in mind that the company inaugurated in early 2020 a brand-new factory in Quebec City to achieve these goals.<\/p>\n","protected":false},"excerpt":{"rendered":"<p>Building on the success of the first presentation of the Canadian Conference on Cannabis held last October in Quebec City, the organizers are moving forward with a second edition that will take place on October 7 in the formula of a webinar, result of the ongoing pandemic. The virtual formula will be adapted in both &hellip; <span class=\"more-link-wrap\"><a href=\"https:\/\/www.conferencecannabis.ca\/en\/the-speakers-for-the-second-edition-of-the-canadian-conference-on-cannabis-are-now-made-public\/\" class=\"more-link\">Read More <span class=\"screen-reader-text\"> &#8220;The speakers for the second edition of the Canadian Conference on Cannabis are now made public&#8221;<\/span><\/a><\/span><\/p>\n","protected":false},"author":6,"featured_media":3388,"comment_status":"closed","ping_status":"closed","sticky":false,"template":"","format":"standard","meta":{"inline_featured_image":false,"footnotes":""},"categories":[17],"tags":[],"class_list":["post-3816","post","type-post","status-publish","format-standard","has-post-thumbnail","hentry","category-press-release"],"yoast_head":"<!-- This site is optimized with the Yoast SEO plugin v27.1.1 - https:\/\/yoast.com\/product\/yoast-seo-wordpress\/ -->\n<title>The speakers for the second edition of the Canadian Conference on Cannabis are now made public - Conf\u00e9rence canadienne sur le cannabis<\/title>\n<meta name=\"robots\" content=\"index, follow, max-snippet:-1, max-image-preview:large, max-video-preview:-1\" \/>\n<link rel=\"canonical\" href=\"https:\/\/www.conferencecannabis.ca\/en\/the-speakers-for-the-second-edition-of-the-canadian-conference-on-cannabis-are-now-made-public\/\" \/>\n<meta property=\"og:locale\" content=\"en_US\" \/>\n<meta property=\"og:type\" content=\"article\" \/>\n<meta property=\"og:title\" content=\"The speakers for the second edition of the Canadian Conference on Cannabis are now made public - Conf\u00e9rence canadienne sur le cannabis\" \/>\n<meta property=\"og:description\" content=\"Building on the success of the first presentation of the Canadian Conference on Cannabis held last October in Quebec City, the organizers are moving forward with a second edition that will take place on October 7 in the formula of a webinar, result of the ongoing pandemic. The virtual formula will be adapted in both &hellip; Read More &quot;The speakers for the second edition of the Canadian Conference on Cannabis are now made public&quot;\" \/>\n<meta property=\"og:url\" content=\"https:\/\/www.conferencecannabis.ca\/en\/the-speakers-for-the-second-edition-of-the-canadian-conference-on-cannabis-are-now-made-public\/\" \/>\n<meta property=\"og:site_name\" content=\"Conf\u00e9rence canadienne sur le cannabis\" \/>\n<meta property=\"article:publisher\" content=\"https:\/\/www.facebook.com\/Conf%c3%a9rence-canadienne-sur-le-cannabis-103896734329729\/\" \/>\n<meta property=\"article:published_time\" content=\"2020-09-22T02:02:31+00:00\" \/>\n<meta property=\"article:modified_time\" content=\"2020-09-22T02:04:42+00:00\" \/>\n<meta property=\"og:image\" content=\"https:\/\/www.conferencecannabis.ca\/wp-content\/uploads\/2019\/07\/hugo-stlaurent-1.jpg\" \/>\n\t<meta property=\"og:image:width\" content=\"560\" \/>\n\t<meta property=\"og:image:height\" content=\"560\" \/>\n\t<meta property=\"og:image:type\" content=\"image\/jpeg\" \/>\n<meta name=\"author\" content=\"Conference Cannabis\" \/>\n<meta name=\"twitter:card\" content=\"summary_large_image\" \/>\n<meta name=\"twitter:label1\" content=\"Written by\" \/>\n\t<meta name=\"twitter:data1\" content=\"Conference Cannabis\" \/>\n\t<meta name=\"twitter:label2\" content=\"Est. reading time\" \/>\n\t<meta name=\"twitter:data2\" content=\"2 minutes\" \/>\n<script type=\"application\/ld+json\" class=\"yoast-schema-graph\">{\"@context\":\"https:\/\/schema.org\",\"@graph\":[{\"@type\":\"Article\",\"@id\":\"https:\/\/www.conferencecannabis.ca\/en\/the-speakers-for-the-second-edition-of-the-canadian-conference-on-cannabis-are-now-made-public\/#article\",\"isPartOf\":{\"@id\":\"https:\/\/www.conferencecannabis.ca\/en\/the-speakers-for-the-second-edition-of-the-canadian-conference-on-cannabis-are-now-made-public\/\"},\"author\":{\"name\":\"Conference Cannabis\",\"@id\":\"https:\/\/www.conferencecannabis.ca\/en\/#\/schema\/person\/523bf92e3e515276b5adb7ff9b6646c8\"},\"headline\":\"The speakers for the second edition of the Canadian Conference on Cannabis are now made public\",\"datePublished\":\"2020-09-22T02:02:31+00:00\",\"dateModified\":\"2020-09-22T02:04:42+00:00\",\"mainEntityOfPage\":{\"@id\":\"https:\/\/www.conferencecannabis.ca\/en\/the-speakers-for-the-second-edition-of-the-canadian-conference-on-cannabis-are-now-made-public\/\"},\"wordCount\":340,\"publisher\":{\"@id\":\"https:\/\/www.conferencecannabis.ca\/en\/#organization\"},\"image\":{\"@id\":\"https:\/\/www.conferencecannabis.ca\/en\/the-speakers-for-the-second-edition-of-the-canadian-conference-on-cannabis-are-now-made-public\/#primaryimage\"},\"thumbnailUrl\":\"https:\/\/www.conferencecannabis.ca\/wp-content\/uploads\/2019\/07\/hugo-stlaurent-1.jpg\",\"articleSection\":[\"Press release\"],\"inLanguage\":\"en-US\"},{\"@type\":\"WebPage\",\"@id\":\"https:\/\/www.conferencecannabis.ca\/en\/the-speakers-for-the-second-edition-of-the-canadian-conference-on-cannabis-are-now-made-public\/\",\"url\":\"https:\/\/www.conferencecannabis.ca\/en\/the-speakers-for-the-second-edition-of-the-canadian-conference-on-cannabis-are-now-made-public\/\",\"name\":\"The speakers for the second edition of the Canadian Conference on Cannabis are now made public - Conf\u00e9rence canadienne sur le cannabis\",\"isPartOf\":{\"@id\":\"https:\/\/www.conferencecannabis.ca\/en\/#website\"},\"primaryImageOfPage\":{\"@id\":\"https:\/\/www.conferencecannabis.ca\/en\/the-speakers-for-the-second-edition-of-the-canadian-conference-on-cannabis-are-now-made-public\/#primaryimage\"},\"image\":{\"@id\":\"https:\/\/www.conferencecannabis.ca\/en\/the-speakers-for-the-second-edition-of-the-canadian-conference-on-cannabis-are-now-made-public\/#primaryimage\"},\"thumbnailUrl\":\"https:\/\/www.conferencecannabis.ca\/wp-content\/uploads\/2019\/07\/hugo-stlaurent-1.jpg\",\"datePublished\":\"2020-09-22T02:02:31+00:00\",\"dateModified\":\"2020-09-22T02:04:42+00:00\",\"breadcrumb\":{\"@id\":\"https:\/\/www.conferencecannabis.ca\/en\/the-speakers-for-the-second-edition-of-the-canadian-conference-on-cannabis-are-now-made-public\/#breadcrumb\"},\"inLanguage\":\"en-US\",\"potentialAction\":[{\"@type\":\"ReadAction\",\"target\":[\"https:\/\/www.conferencecannabis.ca\/en\/the-speakers-for-the-second-edition-of-the-canadian-conference-on-cannabis-are-now-made-public\/\"]}]},{\"@type\":\"ImageObject\",\"inLanguage\":\"en-US\",\"@id\":\"https:\/\/www.conferencecannabis.ca\/en\/the-speakers-for-the-second-edition-of-the-canadian-conference-on-cannabis-are-now-made-public\/#primaryimage\",\"url\":\"https:\/\/www.conferencecannabis.ca\/wp-content\/uploads\/2019\/07\/hugo-stlaurent-1.jpg\",\"contentUrl\":\"https:\/\/www.conferencecannabis.ca\/wp-content\/uploads\/2019\/07\/hugo-stlaurent-1.jpg\",\"width\":560,\"height\":560,\"caption\":\"Hugo St Laurent, cofondateur et pr\u00e9sident de SiliCycle\"},{\"@type\":\"BreadcrumbList\",\"@id\":\"https:\/\/www.conferencecannabis.ca\/en\/the-speakers-for-the-second-edition-of-the-canadian-conference-on-cannabis-are-now-made-public\/#breadcrumb\",\"itemListElement\":[{\"@type\":\"ListItem\",\"position\":1,\"name\":\"Accueil\",\"item\":\"https:\/\/www.conferencecannabis.ca\/en\/\"},{\"@type\":\"ListItem\",\"position\":2,\"name\":\"The speakers for the second edition of the Canadian Conference on Cannabis are now made public\"}]},{\"@type\":\"WebSite\",\"@id\":\"https:\/\/www.conferencecannabis.ca\/en\/#website\",\"url\":\"https:\/\/www.conferencecannabis.ca\/en\/\",\"name\":\"Conf\u00e9rence canadienne sur le cannabis\",\"description\":\"Un \u00e9v\u00e8nement phare sur les derni\u00e8res avanc\u00e9es scientifique en mati\u00e8re de cannabis\",\"publisher\":{\"@id\":\"https:\/\/www.conferencecannabis.ca\/en\/#organization\"},\"potentialAction\":[{\"@type\":\"SearchAction\",\"target\":{\"@type\":\"EntryPoint\",\"urlTemplate\":\"https:\/\/www.conferencecannabis.ca\/en\/?s={search_term_string}\"},\"query-input\":{\"@type\":\"PropertyValueSpecification\",\"valueRequired\":true,\"valueName\":\"search_term_string\"}}],\"inLanguage\":\"en-US\"},{\"@type\":\"Organization\",\"@id\":\"https:\/\/www.conferencecannabis.ca\/en\/#organization\",\"name\":\"Conf\u00e9rence canadienne sur le cannabis\",\"url\":\"https:\/\/www.conferencecannabis.ca\/en\/\",\"logo\":{\"@type\":\"ImageObject\",\"inLanguage\":\"en-US\",\"@id\":\"https:\/\/www.conferencecannabis.ca\/en\/#\/schema\/logo\/image\/\",\"url\":\"https:\/\/www.conferencecannabis.ca\/wp-content\/uploads\/2019\/07\/logo-cannabis-couleur-2.svg\",\"contentUrl\":\"https:\/\/www.conferencecannabis.ca\/wp-content\/uploads\/2019\/07\/logo-cannabis-couleur-2.svg\",\"width\":1,\"height\":1,\"caption\":\"Conf\u00e9rence canadienne sur le cannabis\"},\"image\":{\"@id\":\"https:\/\/www.conferencecannabis.ca\/en\/#\/schema\/logo\/image\/\"},\"sameAs\":[\"https:\/\/www.facebook.com\/Conf\u00e9rence-canadienne-sur-le-cannabis-103896734329729\/\"]},{\"@type\":\"Person\",\"@id\":\"https:\/\/www.conferencecannabis.ca\/en\/#\/schema\/person\/523bf92e3e515276b5adb7ff9b6646c8\",\"name\":\"Conference Cannabis\",\"image\":{\"@type\":\"ImageObject\",\"inLanguage\":\"en-US\",\"@id\":\"https:\/\/www.conferencecannabis.ca\/en\/#\/schema\/person\/image\/\",\"url\":\"https:\/\/secure.gravatar.com\/avatar\/913ead2ca5545a5fe2d61af0d48fcab858843e845fd945dc2548675056aa6063?s=96&d=mm&r=g\",\"contentUrl\":\"https:\/\/secure.gravatar.com\/avatar\/913ead2ca5545a5fe2d61af0d48fcab858843e845fd945dc2548675056aa6063?s=96&d=mm&r=g\",\"caption\":\"Conference Cannabis\"},\"url\":\"https:\/\/www.conferencecannabis.ca\/en\/author\/mathieubertrandsilicycle-com\/\"}]}<\/script>\n<!-- \/ Yoast SEO plugin. -->","yoast_head_json":{"title":"The speakers for the second edition of the Canadian Conference on Cannabis are now made public - Conf\u00e9rence canadienne sur le cannabis","robots":{"index":"index","follow":"follow","max-snippet":"max-snippet:-1","max-image-preview":"max-image-preview:large","max-video-preview":"max-video-preview:-1"},"canonical":"https:\/\/www.conferencecannabis.ca\/en\/the-speakers-for-the-second-edition-of-the-canadian-conference-on-cannabis-are-now-made-public\/","og_locale":"en_US","og_type":"article","og_title":"The speakers for the second edition of the Canadian Conference on Cannabis are now made public - Conf\u00e9rence canadienne sur le cannabis","og_description":"Building on the success of the first presentation of the Canadian Conference on Cannabis held last October in Quebec City, the organizers are moving forward with a second edition that will take place on October 7 in the formula of a webinar, result of the ongoing pandemic. The virtual formula will be adapted in both &hellip; Read More \"The speakers for the second edition of the Canadian Conference on Cannabis are now made public\"","og_url":"https:\/\/www.conferencecannabis.ca\/en\/the-speakers-for-the-second-edition-of-the-canadian-conference-on-cannabis-are-now-made-public\/","og_site_name":"Conf\u00e9rence canadienne sur le cannabis","article_publisher":"https:\/\/www.facebook.com\/Conf%c3%a9rence-canadienne-sur-le-cannabis-103896734329729\/","article_published_time":"2020-09-22T02:02:31+00:00","article_modified_time":"2020-09-22T02:04:42+00:00","og_image":[{"width":560,"height":560,"url":"https:\/\/www.conferencecannabis.ca\/wp-content\/uploads\/2019\/07\/hugo-stlaurent-1.jpg","type":"image\/jpeg"}],"author":"Conference Cannabis","twitter_card":"summary_large_image","twitter_misc":{"Written by":"Conference Cannabis","Est. reading time":"2 minutes"},"schema":{"@context":"https:\/\/schema.org","@graph":[{"@type":"Article","@id":"https:\/\/www.conferencecannabis.ca\/en\/the-speakers-for-the-second-edition-of-the-canadian-conference-on-cannabis-are-now-made-public\/#article","isPartOf":{"@id":"https:\/\/www.conferencecannabis.ca\/en\/the-speakers-for-the-second-edition-of-the-canadian-conference-on-cannabis-are-now-made-public\/"},"author":{"name":"Conference Cannabis","@id":"https:\/\/www.conferencecannabis.ca\/en\/#\/schema\/person\/523bf92e3e515276b5adb7ff9b6646c8"},"headline":"The speakers for the second edition of the Canadian Conference on Cannabis are now made public","datePublished":"2020-09-22T02:02:31+00:00","dateModified":"2020-09-22T02:04:42+00:00","mainEntityOfPage":{"@id":"https:\/\/www.conferencecannabis.ca\/en\/the-speakers-for-the-second-edition-of-the-canadian-conference-on-cannabis-are-now-made-public\/"},"wordCount":340,"publisher":{"@id":"https:\/\/www.conferencecannabis.ca\/en\/#organization"},"image":{"@id":"https:\/\/www.conferencecannabis.ca\/en\/the-speakers-for-the-second-edition-of-the-canadian-conference-on-cannabis-are-now-made-public\/#primaryimage"},"thumbnailUrl":"https:\/\/www.conferencecannabis.ca\/wp-content\/uploads\/2019\/07\/hugo-stlaurent-1.jpg","articleSection":["Press release"],"inLanguage":"en-US"},{"@type":"WebPage","@id":"https:\/\/www.conferencecannabis.ca\/en\/the-speakers-for-the-second-edition-of-the-canadian-conference-on-cannabis-are-now-made-public\/","url":"https:\/\/www.conferencecannabis.ca\/en\/the-speakers-for-the-second-edition-of-the-canadian-conference-on-cannabis-are-now-made-public\/","name":"The speakers for the second edition of the Canadian Conference on Cannabis are now made public - Conf\u00e9rence canadienne sur le cannabis","isPartOf":{"@id":"https:\/\/www.conferencecannabis.ca\/en\/#website"},"primaryImageOfPage":{"@id":"https:\/\/www.conferencecannabis.ca\/en\/the-speakers-for-the-second-edition-of-the-canadian-conference-on-cannabis-are-now-made-public\/#primaryimage"},"image":{"@id":"https:\/\/www.conferencecannabis.ca\/en\/the-speakers-for-the-second-edition-of-the-canadian-conference-on-cannabis-are-now-made-public\/#primaryimage"},"thumbnailUrl":"https:\/\/www.conferencecannabis.ca\/wp-content\/uploads\/2019\/07\/hugo-stlaurent-1.jpg","datePublished":"2020-09-22T02:02:31+00:00","dateModified":"2020-09-22T02:04:42+00:00","breadcrumb":{"@id":"https:\/\/www.conferencecannabis.ca\/en\/the-speakers-for-the-second-edition-of-the-canadian-conference-on-cannabis-are-now-made-public\/#breadcrumb"},"inLanguage":"en-US","potentialAction":[{"@type":"ReadAction","target":["https:\/\/www.conferencecannabis.ca\/en\/the-speakers-for-the-second-edition-of-the-canadian-conference-on-cannabis-are-now-made-public\/"]}]},{"@type":"ImageObject","inLanguage":"en-US","@id":"https:\/\/www.conferencecannabis.ca\/en\/the-speakers-for-the-second-edition-of-the-canadian-conference-on-cannabis-are-now-made-public\/#primaryimage","url":"https:\/\/www.conferencecannabis.ca\/wp-content\/uploads\/2019\/07\/hugo-stlaurent-1.jpg","contentUrl":"https:\/\/www.conferencecannabis.ca\/wp-content\/uploads\/2019\/07\/hugo-stlaurent-1.jpg","width":560,"height":560,"caption":"Hugo St Laurent, cofondateur et pr\u00e9sident de SiliCycle"},{"@type":"BreadcrumbList","@id":"https:\/\/www.conferencecannabis.ca\/en\/the-speakers-for-the-second-edition-of-the-canadian-conference-on-cannabis-are-now-made-public\/#breadcrumb","itemListElement":[{"@type":"ListItem","position":1,"name":"Accueil","item":"https:\/\/www.conferencecannabis.ca\/en\/"},{"@type":"ListItem","position":2,"name":"The speakers for the second edition of the Canadian Conference on Cannabis are now made public"}]},{"@type":"WebSite","@id":"https:\/\/www.conferencecannabis.ca\/en\/#website","url":"https:\/\/www.conferencecannabis.ca\/en\/","name":"Conf\u00e9rence canadienne sur le cannabis","description":"Un \u00e9v\u00e8nement phare sur les derni\u00e8res avanc\u00e9es scientifique en mati\u00e8re de cannabis","publisher":{"@id":"https:\/\/www.conferencecannabis.ca\/en\/#organization"},"potentialAction":[{"@type":"SearchAction","target":{"@type":"EntryPoint","urlTemplate":"https:\/\/www.conferencecannabis.ca\/en\/?s={search_term_string}"},"query-input":{"@type":"PropertyValueSpecification","valueRequired":true,"valueName":"search_term_string"}}],"inLanguage":"en-US"},{"@type":"Organization","@id":"https:\/\/www.conferencecannabis.ca\/en\/#organization","name":"Conf\u00e9rence canadienne sur le cannabis","url":"https:\/\/www.conferencecannabis.ca\/en\/","logo":{"@type":"ImageObject","inLanguage":"en-US","@id":"https:\/\/www.conferencecannabis.ca\/en\/#\/schema\/logo\/image\/","url":"https:\/\/www.conferencecannabis.ca\/wp-content\/uploads\/2019\/07\/logo-cannabis-couleur-2.svg","contentUrl":"https:\/\/www.conferencecannabis.ca\/wp-content\/uploads\/2019\/07\/logo-cannabis-couleur-2.svg","width":1,"height":1,"caption":"Conf\u00e9rence canadienne sur le cannabis"},"image":{"@id":"https:\/\/www.conferencecannabis.ca\/en\/#\/schema\/logo\/image\/"},"sameAs":["https:\/\/www.facebook.com\/Conf\u00e9rence-canadienne-sur-le-cannabis-103896734329729\/"]},{"@type":"Person","@id":"https:\/\/www.conferencecannabis.ca\/en\/#\/schema\/person\/523bf92e3e515276b5adb7ff9b6646c8","name":"Conference Cannabis","image":{"@type":"ImageObject","inLanguage":"en-US","@id":"https:\/\/www.conferencecannabis.ca\/en\/#\/schema\/person\/image\/","url":"https:\/\/secure.gravatar.com\/avatar\/913ead2ca5545a5fe2d61af0d48fcab858843e845fd945dc2548675056aa6063?s=96&d=mm&r=g","contentUrl":"https:\/\/secure.gravatar.com\/avatar\/913ead2ca5545a5fe2d61af0d48fcab858843e845fd945dc2548675056aa6063?s=96&d=mm&r=g","caption":"Conference Cannabis"},"url":"https:\/\/www.conferencecannabis.ca\/en\/author\/mathieubertrandsilicycle-com\/"}]}},"_links":{"self":[{"href":"https:\/\/www.conferencecannabis.ca\/en\/wp-json\/wp\/v2\/posts\/3816","targetHints":{"allow":["GET"]}}],"collection":[{"href":"https:\/\/www.conferencecannabis.ca\/en\/wp-json\/wp\/v2\/posts"}],"about":[{"href":"https:\/\/www.conferencecannabis.ca\/en\/wp-json\/wp\/v2\/types\/post"}],"author":[{"embeddable":true,"href":"https:\/\/www.conferencecannabis.ca\/en\/wp-json\/wp\/v2\/users\/6"}],"replies":[{"embeddable":true,"href":"https:\/\/www.conferencecannabis.ca\/en\/wp-json\/wp\/v2\/comments?post=3816"}],"version-history":[{"count":1,"href":"https:\/\/www.conferencecannabis.ca\/en\/wp-json\/wp\/v2\/posts\/3816\/revisions"}],"predecessor-version":[{"id":3818,"href":"https:\/\/www.conferencecannabis.ca\/en\/wp-json\/wp\/v2\/posts\/3816\/revisions\/3818"}],"wp:featuredmedia":[{"embeddable":true,"href":"https:\/\/www.conferencecannabis.ca\/en\/wp-json\/wp\/v2\/media\/3388"}],"wp:attachment":[{"href":"https:\/\/www.conferencecannabis.ca\/en\/wp-json\/wp\/v2\/media?parent=3816"}],"wp:term":[{"taxonomy":"category","embeddable":true,"href":"https:\/\/www.conferencecannabis.ca\/en\/wp-json\/wp\/v2\/categories?post=3816"},{"taxonomy":"post_tag","embeddable":true,"href":"https:\/\/www.conferencecannabis.ca\/en\/wp-json\/wp\/v2\/tags?post=3816"}],"curies":[{"name":"wp","href":"https:\/\/api.w.org\/{rel}","templated":true}]}}